{"id":1214,"date":"2024-05-29T22:29:17","date_gmt":"2024-05-29T19:29:17","guid":{"rendered":"https:\/\/damlazenar.com\/2024\/05\/29\/pourquoi-serrons-nous-les-dents\/"},"modified":"2024-06-04T00:04:48","modified_gmt":"2024-06-03T21:04:48","slug":"pourquoi-serrons-nous-les-dents","status":"publish","type":"post","link":"https:\/\/damlazenar.com\/fr\/2024\/05\/29\/pourquoi-serrons-nous-les-dents\/","title":{"rendered":"Pourquoi serrons-nous les dents ?"},"content":{"rendered":"\n<p class=\"wp-block-paragraph\"><strong>Le Dr Damla Zenar, dentiste, a donn\u00e9 des informations sur le sujet.<\/strong><\/p>\n\n<p class=\"wp-block-paragraph\">Le bruxisme est une habitude dysfonctionnelle qui se manifeste par de forts mouvements de la m\u00e2choire qui se produisent g\u00e9n\u00e9ralement pendant le sommeil. Les dents des m\u00e2choires sup\u00e9rieure et inf\u00e9rieure ne doivent pas entrer en contact l&rsquo;une avec l&rsquo;autre, sauf pour les fonctions de mastication et de d\u00e9glutition. Les contacts dentaires autres que la mastication et la d\u00e9glutition sont consid\u00e9r\u00e9s comme des mouvements dysfonctionnels. Le probl\u00e8me de serrement de dents est le comportement de serrement de dents qui se manifeste pendant la journ\u00e9e ou la nuit, \u00e0 l&rsquo;exception de la mastication et de la d\u00e9glutition. Cette pathologie, fr\u00e9quemment observ\u00e9e dans notre vie quotidienne, est souvent m\u00e9connue par le patient lui-m\u00eame.<\/p>\n\n<p class=\"wp-block-paragraph\">Deux raisons principales expliquent l&rsquo;habitude de serrer les dents. Le premier et le plus important d&rsquo;entre eux est le stress, et l&rsquo;autre est le trouble de la fermeture. Quelles sont donc les situations n\u00e9gatives auxquelles nous pouvons \u00eatre confront\u00e9s en raison de l&rsquo;habitude de serrer les dents ? L&rsquo;abrasion et les fuites se produisent sur les dents. Des fractures, des fissures et des d\u00e9placements de dents peuvent se produire. Des lignes blanches apparaissent sur la face interne de la joue et des traces de dents sont visibles autour de la langue. La douleur se manifeste au niveau de la t\u00eate, du cou et des muscles du visage. La hauteur du bas du visage diminue, la pointe du menton et la pointe du nez se rapprochent et une apparence plus \u00e2g\u00e9e appara\u00eet. La m\u00e2choire inf\u00e9rieure est d\u00e9plac\u00e9e vers l&rsquo;avant avec le temps et un profil concave se forme. Le visage appara\u00eet anguleux et carr\u00e9.<\/p>\n\n<p class=\"wp-block-paragraph\">Bien que l&rsquo;habitude de serrer les dents se manifeste la nuit, il a \u00e9t\u00e9 constat\u00e9 que le m\u00eame trouble fonctionnel est observ\u00e9 pendant la journ\u00e9e dans des cas avanc\u00e9s. L&rsquo;objectif des traitements contre le serrement des dents est de pr\u00e9venir les dommages permanents aux dents et \u00e0 l&rsquo;articulation de la m\u00e2choire et d&rsquo;\u00e9liminer la douleur. Les \u00ab\u00a0prot\u00e8ge-dents\u00a0\u00bb, qui sont appliqu\u00e9s par le dentiste et plac\u00e9s entre les dents de la m\u00e2choire sup\u00e9rieure et inf\u00e9rieure pour emp\u00eacher les dents d&rsquo;entrer en contact pendant le sommeil, sont l&rsquo;outil le plus important utilis\u00e9 dans le traitement symptomatique du grincement des dents. Toutefois, les protecteurs nocturnes ne sont souvent pas suffisants en soi.<\/p>\n\n<p class=\"wp-block-paragraph\">C&rsquo;est pourquoi, en fonction du tableau de la maladie, certains traitements suppl\u00e9mentaires doivent \u00eatre appliqu\u00e9s en plus des protections nocturnes. Ces traitements comprennent une th\u00e9rapie contre le stress, des mesures visant \u00e0 assurer un sommeil confortable, l&rsquo;application de relaxants musculaires, le renouvellement des obturations et des rev\u00eatements dentaires mal r\u00e9alis\u00e9s et la pose de proth\u00e8ses pour remplacer les dents manquantes.<\/p>\n\n<p class=\"wp-block-paragraph\">Outre la plaque dentaire nocturne, l&rsquo;une des m\u00e9thodes les plus couramment utilis\u00e9es aujourd&rsquo;hui pour traiter le grincement des dents est l&rsquo;application de botox.<\/p>\n\n<p class=\"wp-block-paragraph\"><strong>Vous pouvez nous contacter via notre ligne Whatsapp pour toutes vos plaintes concernant la sant\u00e9 bucco-dentaire.<\/strong><\/p>\n","protected":false},"excerpt":{"rendered":"<p>Le Dr Damla Zenar, dentiste, a donn\u00e9 des informations sur le sujet. Le bruxisme est une habitude dysfonctionnelle qui se manifeste par de forts mouvements de la m\u00e2choire qui se produisent g\u00e9n\u00e9ralement pendant le sommeil. Les dents des m\u00e2choires sup\u00e9rieure et inf\u00e9rieure ne doivent pas entrer en contact l&rsquo;une avec l&rsquo;autre, sauf pour les fonctions [&hellip;]<\/p>\n","protected":false},"author":251217416,"featured_media":967,"comment_status":"open","ping_status":"open","sticky":false,"template":"","format":"standard","meta":{"advanced_seo_description":"","jetpack_seo_html_title":"","jetpack_seo_noindex":false,"jetpack_seo_schema_type":"","_jetpack_newsletter_access":"","_jetpack_dont_email_post_to_subs":false,"_jetpack_newsletter_tier_id":0,"_jetpack_memberships_contains_paywalled_content":false,"_wpcom_ai_launchpad_first_post":false,"_jetpack_feature_clip_id":0,"_jetpack_memberships_contains_paid_content":false,"footnotes":"","jetpack_publicize_message":"{title}\n\n{excerpt}\n\n{url}","jetpack_publicize_feature_enabled":true,"jetpack_social_post_already_shared":true,"jetpack_social_options":{"image_generator_settings":{"template":"highway","default_image_id":0,"font":"","enabled":false},"version":2},"_wpas_customize_per_network":false,"jetpack_post_was_ever_published":false},"categories":[1386],"tags":[],"class_list":["post-1214","post","type-post","status-publish","format-standard","has-post-thumbnail","hentry","category-non-classifiee"],"jetpack_publicize_connections":[],"jetpack_likes_enabled":true,"jetpack_shortlink":"https:\/\/wp.me\/pfO3hG-jA","jetpack-related-posts":[{"id":1222,"url":"https:\/\/damlazenar.com\/fr\/2024\/05\/29\/traitement-par-appareil-dentaire\/","url_meta":{"origin":1214,"position":0},"title":"Traitement par appareil dentaire","author":"Damla Zenar","date":"29 mai 2024","format":false,"excerpt":"Le Dr Damla Zenar, dentiste, a donn\u00e9 des informations sur le sujet.Les dents encombr\u00e9es peuvent \u00eatre \u00e0 l'origine de nombreux autres probl\u00e8mes, notamment d'ordre esth\u00e9tique. Les dents de travers sont plus difficiles \u00e0 nettoyer, ce qui augmente la tendance aux caries et aux maladies des gencives. Lorsque les dents ne\u2026","rel":"","context":"Dans &quot;Non classifi\u00e9(e)&quot;","block_context":{"text":"Non classifi\u00e9(e)","link":"https:\/\/damlazenar.com\/fr\/category\/non-classifiee\/"},"img":{"alt_text":"","src":"https:\/\/i0.wp.com\/damlazenar.com\/wp-content\/uploads\/2024\/05\/ortodonti.jpg?fit=900%2C576&ssl=1&resize=350%2C200","width":350,"height":200,"srcset":"https:\/\/i0.wp.com\/damlazenar.com\/wp-content\/uploads\/2024\/05\/ortodonti.jpg?fit=900%2C576&ssl=1&resize=350%2C200 1x, https:\/\/i0.wp.com\/damlazenar.com\/wp-content\/uploads\/2024\/05\/ortodonti.jpg?fit=900%2C576&ssl=1&resize=525%2C300 1.5x, https:\/\/i0.wp.com\/damlazenar.com\/wp-content\/uploads\/2024\/05\/ortodonti.jpg?fit=900%2C576&ssl=1&resize=700%2C400 2x"},"classes":[]},{"id":2019,"url":"https:\/\/damlazenar.com\/fr\/2024\/10\/20\/comment-nettoyer-les-dents-efficacement-un-guide-etape-par-etape\/","url_meta":{"origin":1214,"position":1},"title":"Comment nettoyer les dents efficacement ? Un guide \u00e9tape par \u00e9tape","author":"Damla Zenar","date":"20 octobre 2024","format":false,"excerpt":"Pourquoi un bon nettoyage des dents est-il essentiel pour la sant\u00e9 bucco-dentaire ? Un nettoyage efficace des dents n'est pas qu'une simple routine quotidienne ; il est essentiel pour pr\u00e9server une sant\u00e9 bucco-dentaire optimale. L'hygi\u00e8ne bucco-dentaire est vitale, car elle contribue de mani\u00e8re significative \u00e0 la pr\u00e9vention des probl\u00e8mes dentaires\u2026","rel":"","context":"Dans &quot;Non class\u00e9&quot;","block_context":{"text":"Non class\u00e9","link":"https:\/\/damlazenar.com\/fr\/category\/non-classe\/"},"img":{"alt_text":"","src":"https:\/\/i0.wp.com\/damlazenar.com\/wp-content\/uploads\/2024\/10\/How-to-Clean-Teeth-Effectively.jpg?fit=1200%2C800&ssl=1&resize=350%2C200","width":350,"height":200,"srcset":"https:\/\/i0.wp.com\/damlazenar.com\/wp-content\/uploads\/2024\/10\/How-to-Clean-Teeth-Effectively.jpg?fit=1200%2C800&ssl=1&resize=350%2C200 1x, https:\/\/i0.wp.com\/damlazenar.com\/wp-content\/uploads\/2024\/10\/How-to-Clean-Teeth-Effectively.jpg?fit=1200%2C800&ssl=1&resize=525%2C300 1.5x, https:\/\/i0.wp.com\/damlazenar.com\/wp-content\/uploads\/2024\/10\/How-to-Clean-Teeth-Effectively.jpg?fit=1200%2C800&ssl=1&resize=700%2C400 2x, https:\/\/i0.wp.com\/damlazenar.com\/wp-content\/uploads\/2024\/10\/How-to-Clean-Teeth-Effectively.jpg?fit=1200%2C800&ssl=1&resize=1050%2C600 3x"},"classes":[]},{"id":1218,"url":"https:\/\/damlazenar.com\/fr\/2024\/05\/29\/les-caries-du-biberon-perturbent-la-structure-des-dents\/","url_meta":{"origin":1214,"position":2},"title":"Les caries du biberon perturbent la structure des dents !","author":"Damla Zenar","date":"29 mai 2024","format":false,"excerpt":"Les caries du biberon, qui surviennent chez les b\u00e9b\u00e9s qui boivent beaucoup au biberon et qui doivent \u00eatre trait\u00e9es, peuvent causer de nombreux probl\u00e8mes si elles ne sont pas soign\u00e9es. La carie du biberon, fr\u00e9quente dans la petite enfance, est un probl\u00e8me qui peut avoir des cons\u00e9quences tr\u00e8s graves en\u2026","rel":"","context":"Dans &quot;Non classifi\u00e9(e)&quot;","block_context":{"text":"Non classifi\u00e9(e)","link":"https:\/\/damlazenar.com\/fr\/category\/non-classifiee\/"},"img":{"alt_text":"","src":"https:\/\/i0.wp.com\/damlazenar.com\/wp-content\/uploads\/2024\/05\/1935116204.jpg?fit=1200%2C800&ssl=1&resize=350%2C200","width":350,"height":200,"srcset":"https:\/\/i0.wp.com\/damlazenar.com\/wp-content\/uploads\/2024\/05\/1935116204.jpg?fit=1200%2C800&ssl=1&resize=350%2C200 1x, https:\/\/i0.wp.com\/damlazenar.com\/wp-content\/uploads\/2024\/05\/1935116204.jpg?fit=1200%2C800&ssl=1&resize=525%2C300 1.5x, https:\/\/i0.wp.com\/damlazenar.com\/wp-content\/uploads\/2024\/05\/1935116204.jpg?fit=1200%2C800&ssl=1&resize=700%2C400 2x, https:\/\/i0.wp.com\/damlazenar.com\/wp-content\/uploads\/2024\/05\/1935116204.jpg?fit=1200%2C800&ssl=1&resize=1050%2C600 3x"},"classes":[]},{"id":2049,"url":"https:\/\/damlazenar.com\/fr\/2024\/10\/20\/symptomes-des-maladies-des-gencives-et-importance-dun-diagnostic-precoce\/","url_meta":{"origin":1214,"position":3},"title":"Sympt\u00f4mes des maladies des gencives et importance d&rsquo;un diagnostic pr\u00e9coce","author":"Damla Zenar","date":"20 octobre 2024","format":false,"excerpt":"Pourquoi la sant\u00e9 des gencives est-elle essentielle \u00e0 votre bien-\u00eatre g\u00e9n\u00e9ral ? Lorsqu'il s'agit de pr\u00e9server notre bien-\u00eatre g\u00e9n\u00e9ral, la sant\u00e9 des gencives est souvent rel\u00e9gu\u00e9e au second plan par rapport \u00e0 des aspects plus visibles des soins personnels. Pourtant, la sant\u00e9 bucco-dentaire est \u00e9galement tr\u00e8s importante. Des gencives saines\u2026","rel":"","context":"Dans &quot;Non class\u00e9&quot;","block_context":{"text":"Non class\u00e9","link":"https:\/\/damlazenar.com\/fr\/category\/non-classe\/"},"img":{"alt_text":"","src":"https:\/\/i0.wp.com\/damlazenar.com\/wp-content\/uploads\/2024\/10\/Symptoms-of-Gum-Diseases-and-Importance-of-Early-Diagnosis.jpg?fit=1200%2C800&ssl=1&resize=350%2C200","width":350,"height":200,"srcset":"https:\/\/i0.wp.com\/damlazenar.com\/wp-content\/uploads\/2024\/10\/Symptoms-of-Gum-Diseases-and-Importance-of-Early-Diagnosis.jpg?fit=1200%2C800&ssl=1&resize=350%2C200 1x, https:\/\/i0.wp.com\/damlazenar.com\/wp-content\/uploads\/2024\/10\/Symptoms-of-Gum-Diseases-and-Importance-of-Early-Diagnosis.jpg?fit=1200%2C800&ssl=1&resize=525%2C300 1.5x, https:\/\/i0.wp.com\/damlazenar.com\/wp-content\/uploads\/2024\/10\/Symptoms-of-Gum-Diseases-and-Importance-of-Early-Diagnosis.jpg?fit=1200%2C800&ssl=1&resize=700%2C400 2x, https:\/\/i0.wp.com\/damlazenar.com\/wp-content\/uploads\/2024\/10\/Symptoms-of-Gum-Diseases-and-Importance-of-Early-Diagnosis.jpg?fit=1200%2C800&ssl=1&resize=1050%2C600 3x"},"classes":[]},{"id":2110,"url":"https:\/\/damlazenar.com\/fr\/2024\/10\/20\/quest-ce-quune-prothese-dentaire-implanto-portee\/","url_meta":{"origin":1214,"position":4},"title":"Qu&rsquo;est-ce qu&rsquo;une proth\u00e8se dentaire implanto-port\u00e9e ?","author":"Damla Zenar","date":"20 octobre 2024","format":false,"excerpt":"Lorsqu'il s'agit de retrouver un sourire confiant, il est essentiel de comprendre les options qui s'offrent \u00e0 vous. Les proth\u00e8ses implanto-port\u00e9es repr\u00e9sentent une approche innovante qui allie la robustesse des implants dentaires \u00e0 la facilit\u00e9 des proth\u00e8ses conventionnelles. Mais qu'est-ce qu'une proth\u00e8se dentaire implanto-port\u00e9e ? En termes simples, il s'agit\u2026","rel":"","context":"Dans &quot;Non class\u00e9&quot;","block_context":{"text":"Non class\u00e9","link":"https:\/\/damlazenar.com\/fr\/category\/non-classe\/"},"img":{"alt_text":"","src":"https:\/\/i0.wp.com\/damlazenar.com\/wp-content\/uploads\/2024\/10\/What-Are-Implant-Supported-Dentures.jpg?fit=1200%2C800&ssl=1&resize=350%2C200","width":350,"height":200,"srcset":"https:\/\/i0.wp.com\/damlazenar.com\/wp-content\/uploads\/2024\/10\/What-Are-Implant-Supported-Dentures.jpg?fit=1200%2C800&ssl=1&resize=350%2C200 1x, https:\/\/i0.wp.com\/damlazenar.com\/wp-content\/uploads\/2024\/10\/What-Are-Implant-Supported-Dentures.jpg?fit=1200%2C800&ssl=1&resize=525%2C300 1.5x, https:\/\/i0.wp.com\/damlazenar.com\/wp-content\/uploads\/2024\/10\/What-Are-Implant-Supported-Dentures.jpg?fit=1200%2C800&ssl=1&resize=700%2C400 2x, https:\/\/i0.wp.com\/damlazenar.com\/wp-content\/uploads\/2024\/10\/What-Are-Implant-Supported-Dentures.jpg?fit=1200%2C800&ssl=1&resize=1050%2C600 3x"},"classes":[]},{"id":1977,"url":"https:\/\/damlazenar.com\/fr\/2024\/10\/20\/comment-faire-face-a-la-sensibilite-dentaire\/","url_meta":{"origin":1214,"position":5},"title":"Comment faire face \u00e0 la sensibilit\u00e9 dentaire ?","author":"Damla Zenar","date":"20 octobre 2024","format":false,"excerpt":"Causes et sympt\u00f4mes de la sensibilit\u00e9 dentaire La sensibilit\u00e9 dentaire est un probl\u00e8me dentaire tr\u00e8s r\u00e9pandu auquel de nombreuses personnes sont confront\u00e9es, ce qui les am\u00e8ne \u00e0 s'interroger sur les raisons de leur inconfort. Reconna\u00eetre les causes et les sympt\u00f4mes de la sensibilit\u00e9 dentaire peut aider \u00e0 g\u00e9rer et \u00e0\u2026","rel":"","context":"Dans &quot;Non class\u00e9&quot;","block_context":{"text":"Non class\u00e9","link":"https:\/\/damlazenar.com\/fr\/category\/non-classe\/"},"img":{"alt_text":"","src":"https:\/\/i0.wp.com\/damlazenar.com\/wp-content\/uploads\/2024\/10\/How-to-Deal-with-Tooth-Sensitivity.jpg?fit=1200%2C800&ssl=1&resize=350%2C200","width":350,"height":200,"srcset":"https:\/\/i0.wp.com\/damlazenar.com\/wp-content\/uploads\/2024\/10\/How-to-Deal-with-Tooth-Sensitivity.jpg?fit=1200%2C800&ssl=1&resize=350%2C200 1x, https:\/\/i0.wp.com\/damlazenar.com\/wp-content\/uploads\/2024\/10\/How-to-Deal-with-Tooth-Sensitivity.jpg?fit=1200%2C800&ssl=1&resize=525%2C300 1.5x, https:\/\/i0.wp.com\/damlazenar.com\/wp-content\/uploads\/2024\/10\/How-to-Deal-with-Tooth-Sensitivity.jpg?fit=1200%2C800&ssl=1&resize=700%2C400 2x, https:\/\/i0.wp.com\/damlazenar.com\/wp-content\/uploads\/2024\/10\/How-to-Deal-with-Tooth-Sensitivity.jpg?fit=1200%2C800&ssl=1&resize=1050%2C600 3x"},"classes":[]}],"jetpack_sharing_enabled":true,"jetpack_featured_media_url":"https:\/\/i0.wp.com\/damlazenar.com\/wp-content\/uploads\/2024\/05\/brruksizm.jpg?fit=900%2C576&ssl=1","_links":{"self":[{"href":"https:\/\/damlazenar.com\/fr\/wp-json\/wp\/v2\/posts\/1214","targetHints":{"allow":["GET"]}}],"collection":[{"href":"https:\/\/damlazenar.com\/fr\/wp-json\/wp\/v2\/posts"}],"about":[{"href":"https:\/\/damlazenar.com\/fr\/wp-json\/wp\/v2\/types\/post"}],"author":[{"embeddable":true,"href":"https:\/\/damlazenar.com\/fr\/wp-json\/wp\/v2\/users\/251217416"}],"replies":[{"embeddable":true,"href":"https:\/\/damlazenar.com\/fr\/wp-json\/wp\/v2\/comments?post=1214"}],"version-history":[{"count":1,"href":"https:\/\/damlazenar.com\/fr\/wp-json\/wp\/v2\/posts\/1214\/revisions"}],"predecessor-version":[{"id":1215,"href":"https:\/\/damlazenar.com\/fr\/wp-json\/wp\/v2\/posts\/1214\/revisions\/1215"}],"wp:featuredmedia":[{"embeddable":true,"href":"https:\/\/damlazenar.com\/fr\/wp-json\/wp\/v2\/media\/967"}],"wp:attachment":[{"href":"https:\/\/damlazenar.com\/fr\/wp-json\/wp\/v2\/media?parent=1214"}],"wp:term":[{"taxonomy":"category","embeddable":true,"href":"https:\/\/damlazenar.com\/fr\/wp-json\/wp\/v2\/categories?post=1214"},{"taxonomy":"post_tag","embeddable":true,"href":"https:\/\/damlazenar.com\/fr\/wp-json\/wp\/v2\/tags?post=1214"}],"curies":[{"name":"wp","href":"https:\/\/api.w.org\/{rel}","templated":true}]}}