{"id":1218,"date":"2024-05-29T23:04:05","date_gmt":"2024-05-29T20:04:05","guid":{"rendered":"https:\/\/damlazenar.com\/2024\/05\/29\/les-caries-du-biberon-perturbent-la-structure-des-dents\/"},"modified":"2024-06-04T00:05:45","modified_gmt":"2024-06-03T21:05:45","slug":"les-caries-du-biberon-perturbent-la-structure-des-dents","status":"publish","type":"post","link":"https:\/\/damlazenar.com\/fr\/2024\/05\/29\/les-caries-du-biberon-perturbent-la-structure-des-dents\/","title":{"rendered":"Les caries du biberon perturbent la structure des dents !"},"content":{"rendered":"\n<p class=\"wp-block-paragraph\"><strong>Les caries du biberon, qui surviennent chez les b\u00e9b\u00e9s qui boivent beaucoup au biberon et qui doivent \u00eatre trait\u00e9es, peuvent causer de nombreux probl\u00e8mes si elles ne sont pas soign\u00e9es.<\/strong><\/p>\n\n<p class=\"wp-block-paragraph\">La carie du biberon, fr\u00e9quente dans la petite enfance, est un probl\u00e8me qui peut avoir des cons\u00e9quences tr\u00e8s graves en raison de la malnutrition. Il s&rsquo;agit d&rsquo;une maladie infectieuse difficile \u00e0 traiter parce qu&rsquo;elle survient \u00e0 un \u00e2ge pr\u00e9coce.<strong><\/strong><\/p>\n\n<p class=\"wp-block-paragraph\">Les caries du biberon sont les caries qui se produisent dans la p\u00e9riode pr\u00e9coce des dents de lait. Si ce probl\u00e8me, qui doit \u00eatre trait\u00e9, ne l&rsquo;est pas, il affecte gravement la sant\u00e9 des dents d\u00e9finitives qui remplaceront les dents de lait. Les caries du biberon se produisent en raison de l&rsquo;utilisation prolong\u00e9e du biberon ou d&rsquo;une mauvaise utilisation du biberon. Cependant, les caries des dents de lait peuvent \u00e9galement se produire en raison de diff\u00e9rents facteurs, tels que l&rsquo;application de miel, de confiture ou de m\u00e9lasse sur la sucette et le fait de la donner \u00e0 l&rsquo;enfant.<\/p>\n\n<p class=\"wp-block-paragraph\">Les dents de lait sont les dents qui devraient \u00eatre pr\u00e9sentes dans la bouche de mani\u00e8re saine jusqu&rsquo;\u00e0 l&rsquo;\u00e2ge de 7 \u00e0 12 ans. Lorsque la carie du biberon progresse et atteint les tissus nerveux, elle provoque des troubles. Comme la carie entre en contact avec les nerfs, des probl\u00e8mes de douleur ou de sensibilit\u00e9 apparaissent au niveau des dents. Ces troubles peuvent entra\u00eener des probl\u00e8mes d&rsquo;alimentation et de sommeil chez l&rsquo;enfant. Si ces caries ne sont pas trait\u00e9es, la psychologie de l&rsquo;enfant peut se d\u00e9t\u00e9riorer, des abc\u00e8s et des infections peuvent se produire au niveau des dents.<\/p>\n\n<p class=\"wp-block-paragraph\">Le traitement des dents de lait doit \u00eatre effectu\u00e9 par un m\u00e9decin sp\u00e9cialiste, sous la surveillance des parents. Si un grand nombre d&rsquo;interventions sont n\u00e9cessaires, les traitements sont effectu\u00e9s sous anesth\u00e9sie g\u00e9n\u00e9rale.<\/p>\n\n<p class=\"wp-block-paragraph\">Si ces caries se sont form\u00e9es, elles doivent \u00eatre trait\u00e9es. Plus important encore, il convient de les pr\u00e9venir avant qu&rsquo;elles ne se produisent.<\/p>\n\n<p class=\"wp-block-paragraph\"><strong>Comment \u00e9viter les bleus de biberon ;<\/strong><\/p>\n\n<p class=\"wp-block-paragraph\">&#8211; Apr\u00e8s l&rsquo;\u00e2ge de 1 an, le b\u00e9b\u00e9 ne doit pas dormir avec un biberon, une t\u00e9tine ou du lait maternel&#8230; Les \u00e9dulcorants tels que le miel, le sucre&#8230; ne doivent pas \u00eatre ajout\u00e9s au lait mis dans le biberon.<\/p>\n\n<p class=\"wp-block-paragraph\">&#8211; Lorsque les dents commencent \u00e0 sortir, il faut les essuyer avec un chiffon humide et propre et utiliser des silicones pour le nettoyage des dents.<\/p>\n\n<p class=\"wp-block-paragraph\">&#8211; Il faut veiller \u00e0 ce que le b\u00e9b\u00e9\/l&rsquo;enfant consomme de l&rsquo;eau apr\u00e8s chaque repas.<\/p>\n\n<p class=\"wp-block-paragraph\">&#8211; Lors des collations, il convient de donner des noix, des l\u00e9gumes ou des fruits riches en fibres plut\u00f4t que des aliments \u00e0 base d&rsquo;hydrates de carbone qui collent aux dents.<\/p>\n\n<p class=\"wp-block-paragraph\">&#8211; Comme le r\u00e9flexe de cracher ne se d\u00e9veloppe pas avant l&rsquo;\u00e2ge de 3 ans, l&rsquo;habitude de se brosser les dents avec une petite brosse \u00e0 dents sans p\u00e2te doit \u00eatre prise.<\/p>\n\n<p class=\"wp-block-paragraph\">&#8211; Pour montrer l&rsquo;exemple \u00e0 l&rsquo;enfant, les parents devraient se brosser les dents en pr\u00e9sence de leur enfant et l&rsquo;encourager \u00e0 le faire.<\/p>\n\n<p class=\"wp-block-paragraph\">&#8211; Le plus important est de proc\u00e9der \u00e0 un contr\u00f4le dentaire \u00e0 un stade pr\u00e9coce et de prendre des pr\u00e9cautions pour pr\u00e9venir les caries apr\u00e8s le contr\u00f4le dentaire.<\/p>\n\n<p class=\"wp-block-paragraph\"><strong>Vous pouvez nous contacter via notre ligne Whatsapp pour toutes vos plaintes concernant la sant\u00e9 bucco-dentaire.<\/strong><\/p>\n\n<p class=\"wp-block-paragraph\"><strong>Vous pouvez acc\u00e9der \u00e0 nos autres articles \u00e0 partir du menu de droite.  <\/strong><\/p>\n","protected":false},"excerpt":{"rendered":"<p>Les caries du biberon, qui surviennent chez les b\u00e9b\u00e9s qui boivent beaucoup au biberon et qui doivent \u00eatre trait\u00e9es, peuvent causer de nombreux probl\u00e8mes si elles ne sont pas soign\u00e9es. La carie du biberon, fr\u00e9quente dans la petite enfance, est un probl\u00e8me qui peut avoir des cons\u00e9quences tr\u00e8s graves en raison de la malnutrition. Il [&hellip;]<\/p>\n","protected":false},"author":251217416,"featured_media":971,"comment_status":"open","ping_status":"open","sticky":false,"template":"","format":"standard","meta":{"advanced_seo_description":"","jetpack_seo_html_title":"","jetpack_seo_noindex":false,"jetpack_seo_schema_type":"","_jetpack_newsletter_access":"","_jetpack_dont_email_post_to_subs":false,"_jetpack_newsletter_tier_id":0,"_jetpack_memberships_contains_paywalled_content":false,"_wpcom_ai_launchpad_first_post":false,"_jetpack_feature_clip_id":0,"_jetpack_memberships_contains_paid_content":false,"footnotes":"","jetpack_publicize_message":"{title}\n\n{excerpt}\n\n{url}","jetpack_publicize_feature_enabled":true,"jetpack_social_post_already_shared":true,"jetpack_social_options":{"image_generator_settings":{"template":"highway","default_image_id":0,"font":"","enabled":false},"version":2},"_wpas_customize_per_network":false,"jetpack_post_was_ever_published":false},"categories":[1386],"tags":[],"class_list":["post-1218","post","type-post","status-publish","format-standard","has-post-thumbnail","hentry","category-non-classifiee"],"jetpack_publicize_connections":[],"jetpack_likes_enabled":true,"jetpack_shortlink":"https:\/\/wp.me\/pfO3hG-jE","jetpack-related-posts":[{"id":1222,"url":"https:\/\/damlazenar.com\/fr\/2024\/05\/29\/traitement-par-appareil-dentaire\/","url_meta":{"origin":1218,"position":0},"title":"Traitement par appareil dentaire","author":"Damla Zenar","date":"29 mai 2024","format":false,"excerpt":"Le Dr Damla Zenar, dentiste, a donn\u00e9 des informations sur le sujet.Les dents encombr\u00e9es peuvent \u00eatre \u00e0 l'origine de nombreux autres probl\u00e8mes, notamment d'ordre esth\u00e9tique. Les dents de travers sont plus difficiles \u00e0 nettoyer, ce qui augmente la tendance aux caries et aux maladies des gencives. Lorsque les dents ne\u2026","rel":"","context":"Dans &quot;Non classifi\u00e9(e)&quot;","block_context":{"text":"Non classifi\u00e9(e)","link":"https:\/\/damlazenar.com\/fr\/category\/non-classifiee\/"},"img":{"alt_text":"","src":"https:\/\/i0.wp.com\/damlazenar.com\/wp-content\/uploads\/2024\/05\/ortodonti.jpg?fit=900%2C576&ssl=1&resize=350%2C200","width":350,"height":200,"srcset":"https:\/\/i0.wp.com\/damlazenar.com\/wp-content\/uploads\/2024\/05\/ortodonti.jpg?fit=900%2C576&ssl=1&resize=350%2C200 1x, https:\/\/i0.wp.com\/damlazenar.com\/wp-content\/uploads\/2024\/05\/ortodonti.jpg?fit=900%2C576&ssl=1&resize=525%2C300 1.5x, https:\/\/i0.wp.com\/damlazenar.com\/wp-content\/uploads\/2024\/05\/ortodonti.jpg?fit=900%2C576&ssl=1&resize=700%2C400 2x"},"classes":[]},{"id":2019,"url":"https:\/\/damlazenar.com\/fr\/2024\/10\/20\/comment-nettoyer-les-dents-efficacement-un-guide-etape-par-etape\/","url_meta":{"origin":1218,"position":1},"title":"Comment nettoyer les dents efficacement ? Un guide \u00e9tape par \u00e9tape","author":"Damla Zenar","date":"20 octobre 2024","format":false,"excerpt":"Pourquoi un bon nettoyage des dents est-il essentiel pour la sant\u00e9 bucco-dentaire ? Un nettoyage efficace des dents n'est pas qu'une simple routine quotidienne ; il est essentiel pour pr\u00e9server une sant\u00e9 bucco-dentaire optimale. L'hygi\u00e8ne bucco-dentaire est vitale, car elle contribue de mani\u00e8re significative \u00e0 la pr\u00e9vention des probl\u00e8mes dentaires\u2026","rel":"","context":"Dans &quot;Non class\u00e9&quot;","block_context":{"text":"Non class\u00e9","link":"https:\/\/damlazenar.com\/fr\/category\/non-classe\/"},"img":{"alt_text":"","src":"https:\/\/i0.wp.com\/damlazenar.com\/wp-content\/uploads\/2024\/10\/How-to-Clean-Teeth-Effectively.jpg?fit=1200%2C800&ssl=1&resize=350%2C200","width":350,"height":200,"srcset":"https:\/\/i0.wp.com\/damlazenar.com\/wp-content\/uploads\/2024\/10\/How-to-Clean-Teeth-Effectively.jpg?fit=1200%2C800&ssl=1&resize=350%2C200 1x, https:\/\/i0.wp.com\/damlazenar.com\/wp-content\/uploads\/2024\/10\/How-to-Clean-Teeth-Effectively.jpg?fit=1200%2C800&ssl=1&resize=525%2C300 1.5x, https:\/\/i0.wp.com\/damlazenar.com\/wp-content\/uploads\/2024\/10\/How-to-Clean-Teeth-Effectively.jpg?fit=1200%2C800&ssl=1&resize=700%2C400 2x, https:\/\/i0.wp.com\/damlazenar.com\/wp-content\/uploads\/2024\/10\/How-to-Clean-Teeth-Effectively.jpg?fit=1200%2C800&ssl=1&resize=1050%2C600 3x"},"classes":[]},{"id":2049,"url":"https:\/\/damlazenar.com\/fr\/2024\/10\/20\/symptomes-des-maladies-des-gencives-et-importance-dun-diagnostic-precoce\/","url_meta":{"origin":1218,"position":2},"title":"Sympt\u00f4mes des maladies des gencives et importance d&rsquo;un diagnostic pr\u00e9coce","author":"Damla Zenar","date":"20 octobre 2024","format":false,"excerpt":"Pourquoi la sant\u00e9 des gencives est-elle essentielle \u00e0 votre bien-\u00eatre g\u00e9n\u00e9ral ? Lorsqu'il s'agit de pr\u00e9server notre bien-\u00eatre g\u00e9n\u00e9ral, la sant\u00e9 des gencives est souvent rel\u00e9gu\u00e9e au second plan par rapport \u00e0 des aspects plus visibles des soins personnels. Pourtant, la sant\u00e9 bucco-dentaire est \u00e9galement tr\u00e8s importante. Des gencives saines\u2026","rel":"","context":"Dans &quot;Non class\u00e9&quot;","block_context":{"text":"Non class\u00e9","link":"https:\/\/damlazenar.com\/fr\/category\/non-classe\/"},"img":{"alt_text":"","src":"https:\/\/i0.wp.com\/damlazenar.com\/wp-content\/uploads\/2024\/10\/Symptoms-of-Gum-Diseases-and-Importance-of-Early-Diagnosis.jpg?fit=1200%2C800&ssl=1&resize=350%2C200","width":350,"height":200,"srcset":"https:\/\/i0.wp.com\/damlazenar.com\/wp-content\/uploads\/2024\/10\/Symptoms-of-Gum-Diseases-and-Importance-of-Early-Diagnosis.jpg?fit=1200%2C800&ssl=1&resize=350%2C200 1x, https:\/\/i0.wp.com\/damlazenar.com\/wp-content\/uploads\/2024\/10\/Symptoms-of-Gum-Diseases-and-Importance-of-Early-Diagnosis.jpg?fit=1200%2C800&ssl=1&resize=525%2C300 1.5x, https:\/\/i0.wp.com\/damlazenar.com\/wp-content\/uploads\/2024\/10\/Symptoms-of-Gum-Diseases-and-Importance-of-Early-Diagnosis.jpg?fit=1200%2C800&ssl=1&resize=700%2C400 2x, https:\/\/i0.wp.com\/damlazenar.com\/wp-content\/uploads\/2024\/10\/Symptoms-of-Gum-Diseases-and-Importance-of-Early-Diagnosis.jpg?fit=1200%2C800&ssl=1&resize=1050%2C600 3x"},"classes":[]},{"id":1214,"url":"https:\/\/damlazenar.com\/fr\/2024\/05\/29\/pourquoi-serrons-nous-les-dents\/","url_meta":{"origin":1218,"position":3},"title":"Pourquoi serrons-nous les dents ?","author":"Damla Zenar","date":"29 mai 2024","format":false,"excerpt":"Le Dr Damla Zenar, dentiste, a donn\u00e9 des informations sur le sujet. Le bruxisme est une habitude dysfonctionnelle qui se manifeste par de forts mouvements de la m\u00e2choire qui se produisent g\u00e9n\u00e9ralement pendant le sommeil. Les dents des m\u00e2choires sup\u00e9rieure et inf\u00e9rieure ne doivent pas entrer en contact l'une avec\u2026","rel":"","context":"Dans &quot;Non classifi\u00e9(e)&quot;","block_context":{"text":"Non classifi\u00e9(e)","link":"https:\/\/damlazenar.com\/fr\/category\/non-classifiee\/"},"img":{"alt_text":"","src":"https:\/\/i0.wp.com\/damlazenar.com\/wp-content\/uploads\/2024\/05\/brruksizm.jpg?fit=900%2C576&ssl=1&resize=350%2C200","width":350,"height":200,"srcset":"https:\/\/i0.wp.com\/damlazenar.com\/wp-content\/uploads\/2024\/05\/brruksizm.jpg?fit=900%2C576&ssl=1&resize=350%2C200 1x, https:\/\/i0.wp.com\/damlazenar.com\/wp-content\/uploads\/2024\/05\/brruksizm.jpg?fit=900%2C576&ssl=1&resize=525%2C300 1.5x, https:\/\/i0.wp.com\/damlazenar.com\/wp-content\/uploads\/2024\/05\/brruksizm.jpg?fit=900%2C576&ssl=1&resize=700%2C400 2x"},"classes":[]},{"id":1977,"url":"https:\/\/damlazenar.com\/fr\/2024\/10\/20\/comment-faire-face-a-la-sensibilite-dentaire\/","url_meta":{"origin":1218,"position":4},"title":"Comment faire face \u00e0 la sensibilit\u00e9 dentaire ?","author":"Damla Zenar","date":"20 octobre 2024","format":false,"excerpt":"Causes et sympt\u00f4mes de la sensibilit\u00e9 dentaire La sensibilit\u00e9 dentaire est un probl\u00e8me dentaire tr\u00e8s r\u00e9pandu auquel de nombreuses personnes sont confront\u00e9es, ce qui les am\u00e8ne \u00e0 s'interroger sur les raisons de leur inconfort. Reconna\u00eetre les causes et les sympt\u00f4mes de la sensibilit\u00e9 dentaire peut aider \u00e0 g\u00e9rer et \u00e0\u2026","rel":"","context":"Dans &quot;Non class\u00e9&quot;","block_context":{"text":"Non class\u00e9","link":"https:\/\/damlazenar.com\/fr\/category\/non-classe\/"},"img":{"alt_text":"","src":"https:\/\/i0.wp.com\/damlazenar.com\/wp-content\/uploads\/2024\/10\/How-to-Deal-with-Tooth-Sensitivity.jpg?fit=1200%2C800&ssl=1&resize=350%2C200","width":350,"height":200,"srcset":"https:\/\/i0.wp.com\/damlazenar.com\/wp-content\/uploads\/2024\/10\/How-to-Deal-with-Tooth-Sensitivity.jpg?fit=1200%2C800&ssl=1&resize=350%2C200 1x, https:\/\/i0.wp.com\/damlazenar.com\/wp-content\/uploads\/2024\/10\/How-to-Deal-with-Tooth-Sensitivity.jpg?fit=1200%2C800&ssl=1&resize=525%2C300 1.5x, https:\/\/i0.wp.com\/damlazenar.com\/wp-content\/uploads\/2024\/10\/How-to-Deal-with-Tooth-Sensitivity.jpg?fit=1200%2C800&ssl=1&resize=700%2C400 2x, https:\/\/i0.wp.com\/damlazenar.com\/wp-content\/uploads\/2024\/10\/How-to-Deal-with-Tooth-Sensitivity.jpg?fit=1200%2C800&ssl=1&resize=1050%2C600 3x"},"classes":[]},{"id":1230,"url":"https:\/\/damlazenar.com\/fr\/2024\/05\/29\/faut-il-enlever-des-dents-de-20-ans\/","url_meta":{"origin":1218,"position":5},"title":"Faut-il enlever des dents de 20 ans ?","author":"Damla Zenar","date":"29 mai 2024","format":false,"excerpt":"Les dents de sagesse sont les derni\u00e8res dents \u00e0 faire \u00e9ruption dans la bouche. Ces dents sont les troisi\u00e8mes molaires situ\u00e9es tout au fond de la bouche. Ces dents qui ne peuvent pas faire \u00e9ruption de mani\u00e8re saine peuvent provoquer des douleurs, des abc\u00e8s et une g\u00eane chez la plupart\u2026","rel":"","context":"Dans &quot;Non classifi\u00e9(e)&quot;","block_context":{"text":"Non classifi\u00e9(e)","link":"https:\/\/damlazenar.com\/fr\/category\/non-classifiee\/"},"img":{"alt_text":"","src":"https:\/\/i0.wp.com\/damlazenar.com\/wp-content\/uploads\/2024\/05\/rsz_adobestock_203872422.jpg?fit=1200%2C900&ssl=1&resize=350%2C200","width":350,"height":200,"srcset":"https:\/\/i0.wp.com\/damlazenar.com\/wp-content\/uploads\/2024\/05\/rsz_adobestock_203872422.jpg?fit=1200%2C900&ssl=1&resize=350%2C200 1x, https:\/\/i0.wp.com\/damlazenar.com\/wp-content\/uploads\/2024\/05\/rsz_adobestock_203872422.jpg?fit=1200%2C900&ssl=1&resize=525%2C300 1.5x, https:\/\/i0.wp.com\/damlazenar.com\/wp-content\/uploads\/2024\/05\/rsz_adobestock_203872422.jpg?fit=1200%2C900&ssl=1&resize=700%2C400 2x, https:\/\/i0.wp.com\/damlazenar.com\/wp-content\/uploads\/2024\/05\/rsz_adobestock_203872422.jpg?fit=1200%2C900&ssl=1&resize=1050%2C600 3x"},"classes":[]}],"jetpack_sharing_enabled":true,"jetpack_featured_media_url":"https:\/\/i0.wp.com\/damlazenar.com\/wp-content\/uploads\/2024\/05\/1935116204.jpg?fit=5500%2C3667&ssl=1","_links":{"self":[{"href":"https:\/\/damlazenar.com\/fr\/wp-json\/wp\/v2\/posts\/1218","targetHints":{"allow":["GET"]}}],"collection":[{"href":"https:\/\/damlazenar.com\/fr\/wp-json\/wp\/v2\/posts"}],"about":[{"href":"https:\/\/damlazenar.com\/fr\/wp-json\/wp\/v2\/types\/post"}],"author":[{"embeddable":true,"href":"https:\/\/damlazenar.com\/fr\/wp-json\/wp\/v2\/users\/251217416"}],"replies":[{"embeddable":true,"href":"https:\/\/damlazenar.com\/fr\/wp-json\/wp\/v2\/comments?post=1218"}],"version-history":[{"count":1,"href":"https:\/\/damlazenar.com\/fr\/wp-json\/wp\/v2\/posts\/1218\/revisions"}],"predecessor-version":[{"id":1219,"href":"https:\/\/damlazenar.com\/fr\/wp-json\/wp\/v2\/posts\/1218\/revisions\/1219"}],"wp:featuredmedia":[{"embeddable":true,"href":"https:\/\/damlazenar.com\/fr\/wp-json\/wp\/v2\/media\/971"}],"wp:attachment":[{"href":"https:\/\/damlazenar.com\/fr\/wp-json\/wp\/v2\/media?parent=1218"}],"wp:term":[{"taxonomy":"category","embeddable":true,"href":"https:\/\/damlazenar.com\/fr\/wp-json\/wp\/v2\/categories?post=1218"},{"taxonomy":"post_tag","embeddable":true,"href":"https:\/\/damlazenar.com\/fr\/wp-json\/wp\/v2\/tags?post=1218"}],"curies":[{"name":"wp","href":"https:\/\/api.w.org\/{rel}","templated":true}]}}